{"id":6026,"date":"2022-11-02T03:01:41","date_gmt":"2022-11-02T06:01:41","guid":{"rendered":"https:\/\/med.unne.edu.ar\/notimed\/?p=6026"},"modified":"2022-11-02T11:02:42","modified_gmt":"2022-11-02T14:02:42","slug":"presentacion-de-vinculante-un-proyecto-para-volver-a-unirnos","status":"publish","type":"post","link":"http:\/\/med.unne.edu.ar:8080\/notimed\/index.php\/2022\/11\/02\/presentacion-de-vinculante-un-proyecto-para-volver-a-unirnos\/","title":{"rendered":"Presentaci\u00f3n de \u201cVinculante\u201d \u00a0un proyecto para volver a unirnos"},"content":{"rendered":"<p><b>Una oportunidad para\u00a0 capacitarnos, mejorar, valorar y valorarnos por fuera del ego.<\/b><\/p>\n<p><!--more--><\/p>\n<p>El pr\u00f3ximo \u00a0lunes 7 de noviembre\u00a0 de 8 a 9, el \u00a0Licenciado Marcelo Javier Arecco presentar\u00e1 en el sal\u00f3n \u201cA\u201d de la Facultad de Medicina de la Universidad Nacional del Nordeste, \u00a0\u00a0su proyecto \u00a0llamado \u201cVinculante\u201d.<\/p>\n<p>Se trata del lanzamiento de una nueva plataforma para conectarnos y aprender juntos como sostener este nuevo paradigma con solo unos minutos al d\u00eda.<\/p>\n<p>El licenciado Arecco describi\u00f3 al \u00a0proyecto diciendo: \u201ces un cartelito o un cuadro que tiene un c\u00f3digo de QR \u00a0que permite \u00a0entrar a una peque\u00f1a charla m\u00eda, de tres\u00a0 o cuatro minutos diarios durante todo el a\u00f1o. Sirve para capacitar a la gente para que incluso lo puedan llevar a sus casas y compartir con sus familias, o sea es una posibilidad de acceder a\u00a0 un sistema de capacitaci\u00f3n anual, desde diferentes lugares \u00a0a trav\u00e9s del QR y en un corto tiempo&#8221;, aclar\u00f3.<\/p>\n<p>El profesional con mas 35 a\u00f1os de experiencia en el campo de la relaciones humanas, se\u00f1al\u00f3 el beneficio que brinda este nuevo producto en el marco\u00a0 de\u00a0 los cambios\u00a0 que el\u00a0 mundo transita, \u00a0donde \u00a0las cosas van y ocurren \u00a0de manera mas r\u00e1pida y \u00a0las personas ya no prestan mucha \u00a0atenci\u00f3n en una capacitaci\u00f3n que dure varias horas.<\/p>\n<p>En este aspecto tambi\u00e9n coment\u00f3 que \u00a0en la actualidad estamos \u00a0viviendo la \u00a0pandemia de la <strong>\u201csoledad\u201d<\/strong> que ya se venia manifestando antes del Covid-19,\u00a0 y &#8220;la manera que nos podemos\u00a0 volver\u00a0 a unir es,\u00a0 si podemos pensar juntos,\u00a0 capacitarnos, aprender, \u00a0y \u00a0juntos \u00a0ver que hay cambios; sino todo va a ser igual&#8221;.<\/p>\n<p>En los Estados Unidos, una de cada tres personas se siente sola, en Europa podr\u00edamos decir que el n\u00famero est\u00e1 en una o dos de cada cinco y en Argentina \u00a0uno de cada 6 personas.<\/p>\n<p>\u201cCreemos que puede ser la gente mayor, pero en realidad, est\u00e1n mas solos los j\u00f3venes, esta tendencia a la soledad tambi\u00e9n abarca \u00a0a los trabajadores porque hoy nadie es reconocido ni econ\u00f3mica,\u00a0 ni moralmente \u00a0por mas que hagan bien su trabajo, \u00a0tenemos \u00a0distintos \u00a0tipos de soledades \u00a0que hacen que las personas se anulen y digan paraqu\u00e9 trabajar si\u00a0 igual da lo mismo\u00a0 porque estoy invisibilizado, por \u00a0eso hacemos un \u201cvinculante\u201d para que puedan volver a relacionarse y armar una trama social\u201d, se\u00f1al\u00f3.<\/p>\n<p>Hoy tenemos una brecha\u00a0 una grieta y esa grieta nos atraviesa no solamente en lo pol\u00edtico, nos atraviesa en todo sentido,\u00a0 hasta nos esta atravesando entre pobres y ricos\u00a0 y el pobre ahora se siente cada d\u00eda mas alejado de la posibilidad de vincularse.<\/p>\n<p>Por ultimo\u00a0 dijo: &#8220;Mi sue\u00f1o es que los empresarios\u00a0 compren este producto, es muy barato, no me importa el costo, lo que me importa es que lo regalen a sus empleados,\u00a0 a fin de a\u00f1o por ejemplo, cuando entreguen la bolsita con el vino y el pan dulce, adem\u00e1s le regalen esto, y que las personas tengan una v\u00eda de acceso a un programa de capacitaci\u00f3n&#8221;.<\/p>\n<p><strong>Conferencia<\/strong><\/p>\n<p>Tambi\u00e9n ese mismo d\u00eda \u00a0habr\u00e1 una conferencia sobre un tema que nos pasa a todos: <strong>\u201cComo convivir con el ego en la vida\u201d.<\/strong><\/p>\n<p>Marcelo Javier Arecco es Master en Psicolog\u00eda Organizacional y Gerenciamiento, licenciado en Relaciones industriales, curs\u00f3 el doctorado en Sociolog\u00eda Laboral Coach Ontol\u00f3gico\u00a0 nacional e internacional con mas de 35 a\u00f1os de experiencia.<\/p>\n<p><strong>Corrientes\u00a0 02\u00a0 de noviembre de\u00a0 2022<\/strong><\/p>\n<p><strong>Comunicaci\u00f3n y Prensa. Facultad de Medicina UNNE<\/strong><\/p>\n<p><strong>Correo: prensa@med.unne.edu.ar<\/strong><\/p>\n<p>&nbsp;<\/p>\n<p>&nbsp;<\/p>\n<p>&nbsp;<\/p>\n<p>&nbsp;<\/p>\n","protected":false},"excerpt":{"rendered":"<p>Una oportunidad para\u00a0 capacitarnos, mejorar, valorar y valorarnos por fuera del ego.<\/p>\n","protected":false},"author":2,"featured_media":6034,"comment_status":"closed","ping_status":"closed","sticky":false,"template":"","format":"standard","meta":[],"categories":[1],"tags":[],"jetpack_featured_media_url":"http:\/\/med.unne.edu.ar:8080\/notimed\/wp-content\/uploads\/2022\/11\/DSC_0148-scaled.jpg","jetpack-related-posts":[],"_links":{"self":[{"href":"http:\/\/med.unne.edu.ar:8080\/notimed\/index.php\/wp-json\/wp\/v2\/posts\/6026"}],"collection":[{"href":"http:\/\/med.unne.edu.ar:8080\/notimed\/index.php\/wp-json\/wp\/v2\/posts"}],"about":[{"href":"http:\/\/med.unne.edu.ar:8080\/notimed\/index.php\/wp-json\/wp\/v2\/types\/post"}],"author":[{"embeddable":true,"href":"http:\/\/med.unne.edu.ar:8080\/notimed\/index.php\/wp-json\/wp\/v2\/users\/2"}],"replies":[{"embeddable":true,"href":"http:\/\/med.unne.edu.ar:8080\/notimed\/index.php\/wp-json\/wp\/v2\/comments?post=6026"}],"version-history":[{"count":11,"href":"http:\/\/med.unne.edu.ar:8080\/notimed\/index.php\/wp-json\/wp\/v2\/posts\/6026\/revisions"}],"predecessor-version":[{"id":6039,"href":"http:\/\/med.unne.edu.ar:8080\/notimed\/index.php\/wp-json\/wp\/v2\/posts\/6026\/revisions\/6039"}],"wp:featuredmedia":[{"embeddable":true,"href":"http:\/\/med.unne.edu.ar:8080\/notimed\/index.php\/wp-json\/wp\/v2\/media\/6034"}],"wp:attachment":[{"href":"http:\/\/med.unne.edu.ar:8080\/notimed\/index.php\/wp-json\/wp\/v2\/media?parent=6026"}],"wp:term":[{"taxonomy":"category","embeddable":true,"href":"http:\/\/med.unne.edu.ar:8080\/notimed\/index.php\/wp-json\/wp\/v2\/categories?post=6026"},{"taxonomy":"post_tag","embeddable":true,"href":"http:\/\/med.unne.edu.ar:8080\/notimed\/index.php\/wp-json\/wp\/v2\/tags?post=6026"}],"curies":[{"name":"wp","href":"https:\/\/api.w.org\/{rel}","templated":true}]}}