{"id":6040,"date":"2022-11-02T12:16:36","date_gmt":"2022-11-02T15:16:36","guid":{"rendered":"https:\/\/med.unne.edu.ar\/notimed\/?p=6040"},"modified":"2022-11-02T12:21:38","modified_gmt":"2022-11-02T15:21:38","slug":"la-facultad-de-medicina-recordara-el-dia-mundial-de-la-alimentacion","status":"publish","type":"post","link":"http:\/\/med.unne.edu.ar:8080\/notimed\/index.php\/2022\/11\/02\/la-facultad-de-medicina-recordara-el-dia-mundial-de-la-alimentacion\/","title":{"rendered":"La Facultad de medicina recordar\u00e1 el Dia Mundial de la Alimentaci\u00f3n"},"content":{"rendered":"<p><strong>El pr\u00f3ximo 4 de noviembre en una a actividad conjunta entre la Facultad de Medicina, a trav\u00e9s del proyecto: \u201cLa Universidad en el medio\u201d, el Incupo y la Fundaci\u00f3n Colmena, se recordar\u00e1 el D\u00eda Mundial de la Alimentaci\u00f3n, celebrado el\u00a0 pasado 16 de octubre.<\/strong><\/p>\n<p><!--more--><\/p>\n<p>Cabe destacar que en esta oportunidad se unen dos facultades como la de Ciencias Agrarias y Medicina donde participan la tres carreras: enfermer\u00eda, medicina y kinesiolog\u00eda.<\/p>\n<p>El objetivo \u00a0es poner en el centro, \u00a0el tema de que es necesario tener una alimentaci\u00f3n saludable, que se puede comer bien, sano y barato, \u00a0recuperar lo que es la cultura de nuestros abuelos a trav\u00e9s de la huerta, \u00a0comer las cosas que la tierra nos da y saber como utilizarla.<\/p>\n<p>La profesora Silvia Lapertosa explic\u00f3 que desde las \u00a017 y hasta las 20 en el predio de la facultad de Ciencias Agrarias, desarrollar\u00e1n acciones con la participaci\u00f3n de la comunidad, \u00a0con un \u00a0circuito de detecci\u00f3n de factores de riesgos de enfermedades \u00a0cardiovasculares, trabajaran en la huerta, ense\u00f1ar\u00e1n como se arma, cosechar\u00e1n lo que hay para poder preparar algunos platos y adem\u00e1s estar\u00e1n productores que van a compartir sus productos y mostrar lo que est\u00e1n haciendo.<\/p>\n<p><img decoding=\"async\" loading=\"lazy\" class=\"aligncenter size-large wp-image-6042\" src=\"https:\/\/med.unne.edu.ar\/notimed\/wp-content\/uploads\/2022\/11\/4abca64e-b3a4-45b8-bc5f-418364444f00-1024x768.jpg\" alt=\"\" width=\"640\" height=\"480\" srcset=\"http:\/\/med.unne.edu.ar:8080\/notimed\/wp-content\/uploads\/2022\/11\/4abca64e-b3a4-45b8-bc5f-418364444f00-1024x768.jpg 1024w, http:\/\/med.unne.edu.ar:8080\/notimed\/wp-content\/uploads\/2022\/11\/4abca64e-b3a4-45b8-bc5f-418364444f00-300x225.jpg 300w, http:\/\/med.unne.edu.ar:8080\/notimed\/wp-content\/uploads\/2022\/11\/4abca64e-b3a4-45b8-bc5f-418364444f00-768x576.jpg 768w, http:\/\/med.unne.edu.ar:8080\/notimed\/wp-content\/uploads\/2022\/11\/4abca64e-b3a4-45b8-bc5f-418364444f00.jpg 1280w\" sizes=\"(max-width: 640px) 100vw, 640px\" \/><\/p>\n<p>\u201cConvocamos a la Comunidad, centros de jubilados. a los abuelos, a los chicos\u00a0 de las escuelas, \u00a0ni\u00f1os con capacidades diferentes, porque tambi\u00e9n va a ver lenguaje de se\u00f1a para que podamos empezar a ver que necesitamos incluir, aquellas personas que tienen condiciones diferentes\u201d a\u00f1adi\u00f3 la profesora.<\/p>\n<p><img decoding=\"async\" loading=\"lazy\" class=\"aligncenter size-large wp-image-6043\" src=\"https:\/\/med.unne.edu.ar\/notimed\/wp-content\/uploads\/2022\/11\/302b7e1f-dc31-4077-86ee-bf4ca46c5aa5-1024x576.jpg\" alt=\"\" width=\"640\" height=\"360\" srcset=\"http:\/\/med.unne.edu.ar:8080\/notimed\/wp-content\/uploads\/2022\/11\/302b7e1f-dc31-4077-86ee-bf4ca46c5aa5-1024x576.jpg 1024w, http:\/\/med.unne.edu.ar:8080\/notimed\/wp-content\/uploads\/2022\/11\/302b7e1f-dc31-4077-86ee-bf4ca46c5aa5-300x169.jpg 300w, http:\/\/med.unne.edu.ar:8080\/notimed\/wp-content\/uploads\/2022\/11\/302b7e1f-dc31-4077-86ee-bf4ca46c5aa5-768x432.jpg 768w, http:\/\/med.unne.edu.ar:8080\/notimed\/wp-content\/uploads\/2022\/11\/302b7e1f-dc31-4077-86ee-bf4ca46c5aa5-1536x864.jpg 1536w, http:\/\/med.unne.edu.ar:8080\/notimed\/wp-content\/uploads\/2022\/11\/302b7e1f-dc31-4077-86ee-bf4ca46c5aa5.jpg 1600w\" sizes=\"(max-width: 640px) 100vw, 640px\" \/><\/p>\n<p><strong>Corrientes\u00a0 02\u00a0 de noviembre de\u00a0 2022<\/strong><\/p>\n<p><strong>Comunicaci\u00f3n y Prensa. Facultad de Medicina UNNE<\/strong><\/p>\n<p><strong>Correo: prensa@med.unne.edu.ar<\/strong><\/p>\n<p>&nbsp;<\/p>\n<p>&nbsp;<\/p>\n","protected":false},"excerpt":{"rendered":"<p>El pr\u00f3ximo 4 de noviembre en una a actividad conjunta entre la Facultad de Medicina, a trav\u00e9s del proyecto: \u201cLa Universidad en el medio\u201d, el Incupo y la Fundaci\u00f3n Colmena, se recordar\u00e1 el D\u00eda Mundial de la Alimentaci\u00f3n, celebrado el\u00a0 pasado 16 de octubre.<\/p>\n","protected":false},"author":2,"featured_media":6041,"comment_status":"closed","ping_status":"closed","sticky":false,"template":"","format":"standard","meta":[],"categories":[1],"tags":[],"jetpack_featured_media_url":"http:\/\/med.unne.edu.ar:8080\/notimed\/wp-content\/uploads\/2022\/11\/1b2463b3-4c77-4533-b7b4-00c7df51d6c5.jpg","jetpack-related-posts":[],"_links":{"self":[{"href":"http:\/\/med.unne.edu.ar:8080\/notimed\/index.php\/wp-json\/wp\/v2\/posts\/6040"}],"collection":[{"href":"http:\/\/med.unne.edu.ar:8080\/notimed\/index.php\/wp-json\/wp\/v2\/posts"}],"about":[{"href":"http:\/\/med.unne.edu.ar:8080\/notimed\/index.php\/wp-json\/wp\/v2\/types\/post"}],"author":[{"embeddable":true,"href":"http:\/\/med.unne.edu.ar:8080\/notimed\/index.php\/wp-json\/wp\/v2\/users\/2"}],"replies":[{"embeddable":true,"href":"http:\/\/med.unne.edu.ar:8080\/notimed\/index.php\/wp-json\/wp\/v2\/comments?post=6040"}],"version-history":[{"count":6,"href":"http:\/\/med.unne.edu.ar:8080\/notimed\/index.php\/wp-json\/wp\/v2\/posts\/6040\/revisions"}],"predecessor-version":[{"id":6049,"href":"http:\/\/med.unne.edu.ar:8080\/notimed\/index.php\/wp-json\/wp\/v2\/posts\/6040\/revisions\/6049"}],"wp:featuredmedia":[{"embeddable":true,"href":"http:\/\/med.unne.edu.ar:8080\/notimed\/index.php\/wp-json\/wp\/v2\/media\/6041"}],"wp:attachment":[{"href":"http:\/\/med.unne.edu.ar:8080\/notimed\/index.php\/wp-json\/wp\/v2\/media?parent=6040"}],"wp:term":[{"taxonomy":"category","embeddable":true,"href":"http:\/\/med.unne.edu.ar:8080\/notimed\/index.php\/wp-json\/wp\/v2\/categories?post=6040"},{"taxonomy":"post_tag","embeddable":true,"href":"http:\/\/med.unne.edu.ar:8080\/notimed\/index.php\/wp-json\/wp\/v2\/tags?post=6040"}],"curies":[{"name":"wp","href":"https:\/\/api.w.org\/{rel}","templated":true}]}}