{"id":6050,"date":"2022-11-07T09:25:28","date_gmt":"2022-11-07T12:25:28","guid":{"rendered":"https:\/\/med.unne.edu.ar\/notimed\/?p=6050"},"modified":"2022-11-07T09:26:54","modified_gmt":"2022-11-07T12:26:54","slug":"foro-de-facultades-y-escuelas-de-medicina-en-la-ciudad-de-salta","status":"publish","type":"post","link":"http:\/\/med.unne.edu.ar:8080\/notimed\/index.php\/2022\/11\/07\/foro-de-facultades-y-escuelas-de-medicina-en-la-ciudad-de-salta\/","title":{"rendered":"Foro de Facultades y Escuelas de Medicina en la ciudad de Salta"},"content":{"rendered":"<p><strong>Los\/as funcionarios\/as analizaron en profundidad algunos contenidos relacionados a la educaci\u00f3n superior.<\/strong><!--more--><\/p>\n<p>El Gobierno de la provincia de Salta, por Decreto N\u00b0 935\/22, declar\u00f3 de inter\u00e9s el Plenario del Foro Argentino de Facultades y Escuelas de Medicina P\u00fablicas (FAFEMP), realizado el 4 de noviembre.<\/p>\n<p>El decano de la Facultad de Medicina de la UNNE, profesor Mario Germ\u00e1n Pagno particip\u00f3 de este importante encuentro que se desarroll\u00f3 en la Facultad de Ciencias de la Salud, el marco de los 50 a\u00f1os de creaci\u00f3n de la Universidad Nacional de Salta.<\/p>\n<p>Entre los temas tratados, se destacan la articulaci\u00f3n entre la pr\u00e1ctica final obligatoria PFO y las residencias m\u00e9dicas, la extensi\u00f3n e investigaci\u00f3n en la pr\u00e1ctica docente, articulaci\u00f3n entre residencias m\u00e9dicas y especialidades universitarias.<\/p>\n<p><img decoding=\"async\" loading=\"lazy\" class=\"aligncenter size-full wp-image-6052\" src=\"https:\/\/med.unne.edu.ar\/notimed\/wp-content\/uploads\/2022\/11\/a6dc1633-f3e3-405e-8b52-452b030fab0b.jpg\" alt=\"\" width=\"1024\" height=\"461\" srcset=\"http:\/\/med.unne.edu.ar:8080\/notimed\/wp-content\/uploads\/2022\/11\/a6dc1633-f3e3-405e-8b52-452b030fab0b.jpg 1024w, http:\/\/med.unne.edu.ar:8080\/notimed\/wp-content\/uploads\/2022\/11\/a6dc1633-f3e3-405e-8b52-452b030fab0b-300x135.jpg 300w, http:\/\/med.unne.edu.ar:8080\/notimed\/wp-content\/uploads\/2022\/11\/a6dc1633-f3e3-405e-8b52-452b030fab0b-768x346.jpg 768w\" sizes=\"(max-width: 1024px) 100vw, 1024px\" \/><\/p>\n<p>Luego de una intensa jornada de trabajo, el cierre del evento se llev\u00f3 a cabo en el sal\u00f3n audit\u00f3rium de la Facultad de Ciencias Naturales, con la presencia del rector de la UBA ex presiente FAFEMP, el rector y vice rector de la Universidad Nacional de Salta, autoridades provinciales, municipales, profesionales del sistema de salud y estudiantes.<\/p>\n<p><strong>Corrientes\u00a0 07\u00a0 de noviembre de\u00a0 2022<\/strong><\/p>\n<p><strong>Comunicaci\u00f3n y Prensa. Facultad de Medicina UNNE<\/strong><\/p>\n<p><strong>Correo: prensa@med.unne.edu.ar<\/strong><\/p>\n","protected":false},"excerpt":{"rendered":"<p>Los\/as funcionarios\/as analizaron en profundidad algunos contenidos relacionados a la educaci\u00f3n superior.<\/p>\n","protected":false},"author":2,"featured_media":6051,"comment_status":"closed","ping_status":"closed","sticky":false,"template":"","format":"standard","meta":[],"categories":[1],"tags":[],"jetpack_featured_media_url":"http:\/\/med.unne.edu.ar:8080\/notimed\/wp-content\/uploads\/2022\/11\/d12df930-46e0-4316-a0bb-cd254d2ede16.jpg","jetpack-related-posts":[],"_links":{"self":[{"href":"http:\/\/med.unne.edu.ar:8080\/notimed\/index.php\/wp-json\/wp\/v2\/posts\/6050"}],"collection":[{"href":"http:\/\/med.unne.edu.ar:8080\/notimed\/index.php\/wp-json\/wp\/v2\/posts"}],"about":[{"href":"http:\/\/med.unne.edu.ar:8080\/notimed\/index.php\/wp-json\/wp\/v2\/types\/post"}],"author":[{"embeddable":true,"href":"http:\/\/med.unne.edu.ar:8080\/notimed\/index.php\/wp-json\/wp\/v2\/users\/2"}],"replies":[{"embeddable":true,"href":"http:\/\/med.unne.edu.ar:8080\/notimed\/index.php\/wp-json\/wp\/v2\/comments?post=6050"}],"version-history":[{"count":3,"href":"http:\/\/med.unne.edu.ar:8080\/notimed\/index.php\/wp-json\/wp\/v2\/posts\/6050\/revisions"}],"predecessor-version":[{"id":6055,"href":"http:\/\/med.unne.edu.ar:8080\/notimed\/index.php\/wp-json\/wp\/v2\/posts\/6050\/revisions\/6055"}],"wp:featuredmedia":[{"embeddable":true,"href":"http:\/\/med.unne.edu.ar:8080\/notimed\/index.php\/wp-json\/wp\/v2\/media\/6051"}],"wp:attachment":[{"href":"http:\/\/med.unne.edu.ar:8080\/notimed\/index.php\/wp-json\/wp\/v2\/media?parent=6050"}],"wp:term":[{"taxonomy":"category","embeddable":true,"href":"http:\/\/med.unne.edu.ar:8080\/notimed\/index.php\/wp-json\/wp\/v2\/categories?post=6050"},{"taxonomy":"post_tag","embeddable":true,"href":"http:\/\/med.unne.edu.ar:8080\/notimed\/index.php\/wp-json\/wp\/v2\/tags?post=6050"}],"curies":[{"name":"wp","href":"https:\/\/api.w.org\/{rel}","templated":true}]}}