{"id":6076,"date":"2022-11-14T11:22:40","date_gmt":"2022-11-14T14:22:40","guid":{"rendered":"https:\/\/med.unne.edu.ar\/notimed\/?p=6076"},"modified":"2022-11-14T18:53:36","modified_gmt":"2022-11-14T21:53:36","slug":"acuerdo-para-formacion-de-enfermeros-en-el-interior-de-la-provincia-de-corrientes","status":"publish","type":"post","link":"http:\/\/med.unne.edu.ar:8080\/notimed\/index.php\/2022\/11\/14\/acuerdo-para-formacion-de-enfermeros-en-el-interior-de-la-provincia-de-corrientes\/","title":{"rendered":"Acuerdo para la capacitaci\u00f3n de enfermeros en el interior de la provincia de Corrientes"},"content":{"rendered":"<p><strong>La Facultad de Medicina de la Universidad Nacional del Nordeste y el Instituto Privado Superior de Formaci\u00f3n Docente para la Innovaci\u00f3n Pedag\u00f3gica de Santa Luc\u00eda, firmaron un acuerdo marco de cooperaci\u00f3n.<\/strong><!--more--><\/p>\n<p>Las r\u00fabricas de las firmas estuvieron a cargo del decano profesor Mario German Pagno y el \u00a0representante legal del Instituto, profesor\u00a0 Diego Alejandro Heine, acompa\u00f1ados del Director de la carrera de Licenciatura en enfermer\u00eda, Magister Fernando G\u00f3mez\u00a0 y la profesora Yamila Fern\u00e1ndez.<\/p>\n<p>En la oportunidad el profesor Heine, manifest\u00f3 que el\u00a0 acercamiento con la facultad, la posibilidad de trabajar juntos, tiene muchos significados para la comunidad de Santa Lucia, \u00a0que los llena de expectativas, de entusiasmo, especialmente para el \u00e1rea de la salud.<\/p>\n<p>En este aspecto dijo que una de las primeras actividades estar\u00e1n dirigidas a la formaci\u00f3n con conocimientos universitarios de los enfermeros\/as, no solo de Santa Lucia sino tambi\u00e9n de zonas aleda\u00f1as, de otros departamentos de la provincia de la costa del Paran\u00e1.<\/p>\n<p>Calific\u00f3 como un logro trascendente para Santa Lucia este v\u00ednculo generado \u00a0con la Universidad Nacional del Nordeste; \u201cque es una Universidad que\u00a0 queremos mucho y que tienen mucho prestigio\u201d, dijo.<\/p>\n<p>El ambicioso proyecto que en la oportunidad trabajar\u00e1 con la Facultad de Medicina y que favorece \u00a0a la localidad de Santa Lucia, pretende llevar diplomaturas universitarias y actualizaci\u00f3n cient\u00edfica profesional a los enfermeros como tambi\u00e9n propuestas de investigaci\u00f3n a la parte del \u00e1rea de la salud.<\/p>\n<p><img decoding=\"async\" loading=\"lazy\" class=\"aligncenter size-large wp-image-6078\" src=\"https:\/\/med.unne.edu.ar\/notimed\/wp-content\/uploads\/2022\/11\/DSC_0278-1-1024x683.jpg\" alt=\"\" width=\"640\" height=\"427\" srcset=\"http:\/\/med.unne.edu.ar:8080\/notimed\/wp-content\/uploads\/2022\/11\/DSC_0278-1-1024x683.jpg 1024w, http:\/\/med.unne.edu.ar:8080\/notimed\/wp-content\/uploads\/2022\/11\/DSC_0278-1-300x200.jpg 300w, http:\/\/med.unne.edu.ar:8080\/notimed\/wp-content\/uploads\/2022\/11\/DSC_0278-1-768x512.jpg 768w, http:\/\/med.unne.edu.ar:8080\/notimed\/wp-content\/uploads\/2022\/11\/DSC_0278-1-1536x1024.jpg 1536w, http:\/\/med.unne.edu.ar:8080\/notimed\/wp-content\/uploads\/2022\/11\/DSC_0278-1-2048x1365.jpg 2048w\" sizes=\"(max-width: 640px) 100vw, 640px\" \/><\/p>\n<p>El profesor Diego\u00a0 Heine y la la profesora Yamila Fern\u00e1ndez del <strong>Instituto Privado Superior de Formaci\u00f3n Docente para la Innovaci\u00f3n Pedag\u00f3gica de Santa Luc\u00eda, <\/strong>entregaron al decano, Dr. German Pagno, presentes consistentes en\u00a0 producciones\u00a0 de ese lugar. Asimismo la Facultad procedi\u00f3 de la misma manera haciendo tambi\u00e9n\u00a0 entrega de recordatorios a los profesores.<\/p>\n<p><strong>Corrientes 14 de noviembre de\u00a0 2022<\/strong><\/p>\n<p><strong>Comunicaci\u00f3n y Prensa. Facultad de Medicina UNNE<\/strong><\/p>\n<p><strong>Correo: prensa@med.unne.edu.ar<\/strong><\/p>\n<p>&nbsp;<\/p>\n<p>&nbsp;<\/p>\n","protected":false},"excerpt":{"rendered":"<p>La Facultad de Medicina de la Universidad Nacional del Nordeste y el Instituto Privado Superior de Formaci\u00f3n Docente para la Innovaci\u00f3n Pedag\u00f3gica de Santa Luc\u00eda, firmaron un acuerdo marco de cooperaci\u00f3n.<\/p>\n","protected":false},"author":2,"featured_media":6077,"comment_status":"closed","ping_status":"closed","sticky":false,"template":"","format":"standard","meta":[],"categories":[1],"tags":[],"jetpack_featured_media_url":"http:\/\/med.unne.edu.ar:8080\/notimed\/wp-content\/uploads\/2022\/11\/DSC_0253-1-scaled.jpg","jetpack-related-posts":[],"_links":{"self":[{"href":"http:\/\/med.unne.edu.ar:8080\/notimed\/index.php\/wp-json\/wp\/v2\/posts\/6076"}],"collection":[{"href":"http:\/\/med.unne.edu.ar:8080\/notimed\/index.php\/wp-json\/wp\/v2\/posts"}],"about":[{"href":"http:\/\/med.unne.edu.ar:8080\/notimed\/index.php\/wp-json\/wp\/v2\/types\/post"}],"author":[{"embeddable":true,"href":"http:\/\/med.unne.edu.ar:8080\/notimed\/index.php\/wp-json\/wp\/v2\/users\/2"}],"replies":[{"embeddable":true,"href":"http:\/\/med.unne.edu.ar:8080\/notimed\/index.php\/wp-json\/wp\/v2\/comments?post=6076"}],"version-history":[{"count":4,"href":"http:\/\/med.unne.edu.ar:8080\/notimed\/index.php\/wp-json\/wp\/v2\/posts\/6076\/revisions"}],"predecessor-version":[{"id":6084,"href":"http:\/\/med.unne.edu.ar:8080\/notimed\/index.php\/wp-json\/wp\/v2\/posts\/6076\/revisions\/6084"}],"wp:featuredmedia":[{"embeddable":true,"href":"http:\/\/med.unne.edu.ar:8080\/notimed\/index.php\/wp-json\/wp\/v2\/media\/6077"}],"wp:attachment":[{"href":"http:\/\/med.unne.edu.ar:8080\/notimed\/index.php\/wp-json\/wp\/v2\/media?parent=6076"}],"wp:term":[{"taxonomy":"category","embeddable":true,"href":"http:\/\/med.unne.edu.ar:8080\/notimed\/index.php\/wp-json\/wp\/v2\/categories?post=6076"},{"taxonomy":"post_tag","embeddable":true,"href":"http:\/\/med.unne.edu.ar:8080\/notimed\/index.php\/wp-json\/wp\/v2\/tags?post=6076"}],"curies":[{"name":"wp","href":"https:\/\/api.w.org\/{rel}","templated":true}]}}