{"id":6159,"date":"2022-12-05T10:44:52","date_gmt":"2022-12-05T13:44:52","guid":{"rendered":"https:\/\/med.unne.edu.ar\/notimed\/?p=6159"},"modified":"2022-12-05T12:29:02","modified_gmt":"2022-12-05T15:29:02","slug":"reunion-de-las-redes-argentinas-de-enfermeria-edicion-2022","status":"publish","type":"post","link":"http:\/\/med.unne.edu.ar:8080\/notimed\/index.php\/2022\/12\/05\/reunion-de-las-redes-argentinas-de-enfermeria-edicion-2022\/","title":{"rendered":"Reuni\u00f3n de las Redes Argentinas de Enfermer\u00eda edici\u00f3n 2022"},"content":{"rendered":"<p><b>El importante encuentro, virtual, se concret\u00f3 desde la Facultad de Medicina de la Universidad Nacional del Nordeste bajo la Coordinaci\u00f3n de la magister Silvia Carcamo.<\/b><\/p>\n<p><!--more--><\/p>\n<p>Este a\u00f1o corresponde a la XIII Reuni\u00f3n de Redes Argentinas de Enfermer\u00eda (RAdE), en donde las distintas redes tem\u00e1ticas presentaron los avances obtenidos con la finalidad de compartir experiencias, discutir orientaciones y proyectos de expansi\u00f3n y conciliar modos de colaboraci\u00f3n y el aprendizaje en red.<\/p>\n<p>De manera h\u00edbrida, desde la sala de desarrollo acad\u00e9mico \u201cCentenario de la Reforma Universitaria\u201d, profesionales lograron interrelacionarse para seguir creciendo en esta organizaci\u00f3n, que ya tiene 10 a\u00f1os funcionando a nivel nacional, etapa en la que, con fortalezas y debilidades, crearon nuevas redes y pudieron multiplicarse en pos de objetivos comunes.<\/p>\n<p>Se asumi\u00f3 la iniciativa de convocar a esta reuni\u00f3n con el deseo de facilitar el encuentro humano, as\u00ed como, la instalaci\u00f3n de un \u00e1mbito permanente de convergencia y mirada al futuro para promover el m\u00e1ximo desarrollo de las redes de enfermer\u00eda.<\/p>\n<p>El director de la carrera de licenciatura en Enfermer\u00eda, magister Fernando G\u00f3mez manifest\u00f3 que adem\u00e1s, tuvieron la oportunidad de reflexionar, analizar y dialogar sobre experiencias significativas entre docentes y expertos\/as profesionales en este \u00faltimo a\u00f1o que nos toc\u00f3 enfrentar, casi en tiempos pos pand\u00e9micos.<\/p>\n<p><b><img decoding=\"async\" loading=\"lazy\" class=\"aligncenter size-large wp-image-6168\" src=\"https:\/\/med.unne.edu.ar\/notimed\/wp-content\/uploads\/2022\/12\/316556380_184445747579995_1031631373180564660_n-1024x683.jpg\" alt=\"\" width=\"640\" height=\"427\" srcset=\"http:\/\/med.unne.edu.ar:8080\/notimed\/wp-content\/uploads\/2022\/12\/316556380_184445747579995_1031631373180564660_n-1024x683.jpg 1024w, http:\/\/med.unne.edu.ar:8080\/notimed\/wp-content\/uploads\/2022\/12\/316556380_184445747579995_1031631373180564660_n-300x200.jpg 300w, http:\/\/med.unne.edu.ar:8080\/notimed\/wp-content\/uploads\/2022\/12\/316556380_184445747579995_1031631373180564660_n-768x512.jpg 768w, http:\/\/med.unne.edu.ar:8080\/notimed\/wp-content\/uploads\/2022\/12\/316556380_184445747579995_1031631373180564660_n-1536x1024.jpg 1536w, http:\/\/med.unne.edu.ar:8080\/notimed\/wp-content\/uploads\/2022\/12\/316556380_184445747579995_1031631373180564660_n.jpg 2048w\" sizes=\"(max-width: 640px) 100vw, 640px\" \/><\/b><\/p>\n<p><strong>Objetivos de la reuni\u00f3n:<\/strong><br \/>\n-Propiciar un espacio de intercambios y aportes cr\u00edticos de las Redes Argentinas de Enfermer\u00eda en el marco de la reuni\u00f3n anual en la edici\u00f3n 2022.<br \/>\n-Promover esta reuni\u00f3n con la visi\u00f3n de facilitar el encuentro humano, as\u00ed como, la instalaci\u00f3n de un \u00e1mbito permanente de convergencia y mirada al futuro para seguir buscando el m\u00e1ximo desarrollo de las Redes Argentinas de Enfermer\u00eda.<\/p>\n<p><b><img decoding=\"async\" loading=\"lazy\" class=\"aligncenter size-large wp-image-6167\" src=\"https:\/\/med.unne.edu.ar\/notimed\/wp-content\/uploads\/2022\/12\/317726236_184445704246666_651521839850808823_n-1024x683.jpg\" alt=\"\" width=\"640\" height=\"427\" srcset=\"http:\/\/med.unne.edu.ar:8080\/notimed\/wp-content\/uploads\/2022\/12\/317726236_184445704246666_651521839850808823_n-1024x683.jpg 1024w, http:\/\/med.unne.edu.ar:8080\/notimed\/wp-content\/uploads\/2022\/12\/317726236_184445704246666_651521839850808823_n-300x200.jpg 300w, http:\/\/med.unne.edu.ar:8080\/notimed\/wp-content\/uploads\/2022\/12\/317726236_184445704246666_651521839850808823_n-768x512.jpg 768w, http:\/\/med.unne.edu.ar:8080\/notimed\/wp-content\/uploads\/2022\/12\/317726236_184445704246666_651521839850808823_n-1536x1024.jpg 1536w, http:\/\/med.unne.edu.ar:8080\/notimed\/wp-content\/uploads\/2022\/12\/317726236_184445704246666_651521839850808823_n.jpg 2048w\" sizes=\"(max-width: 640px) 100vw, 640px\" \/><\/b><\/p>\n<p><strong>Funcionan 18 redes de las cuales 13 dieron sus informes:<\/strong><\/p>\n<p>-Red argentina de enfermer\u00eda en salud del adulto mayor<br \/>\n-Red argentina de enfermer\u00eda en salud mental<br \/>\n-Red argentina de enfermer\u00eda en cuidados cr\u00edticos<br \/>\ngrupo argentina -Red internacional de migraci\u00f3n de enfermeras y salud<br \/>\n-Red argentina de enfermer\u00eda en salud infantil<br \/>\n-Red argentina de enfermer\u00eda y seguridad de los pacientes<br \/>\n-Red argentina de enfermer\u00eda en gesti\u00f3n del cuidado<br \/>\n-Red argentina de enfermer\u00eda familiar y comunitaria<br \/>\n-Red argentina de investigaci\u00f3n en educaci\u00f3n en enfermer\u00eda<br \/>\n-Red argentina de enfermer\u00eda en emergencias y desastres<br \/>\n-Red argentina de regulaci\u00f3n de la enfermer\u00eda<br \/>\n-Red argentina de teor\u00eda de la enfermer\u00eda<br \/>\n-Red argentina de enfermer\u00eda de cuidados paliativos<\/p>\n<p><img decoding=\"async\" src=\"https:\/\/med.unne.edu.ar\/notimed\/wp-content\/uploads\/2022\/12\/317743100_184445794246657_2362796755847427723_n-1024x683.jpg\" \/><\/p>\n<p><strong>Corrientes, 5 de diciembre de\u00a0 2022<\/strong><\/p>\n<p><strong>Comunicaci\u00f3n y Prensa. Facultad de Medicina UNNE<\/strong><\/p>\n<p><strong>Correo: prensa@med.unne.edu.ar<\/strong><\/p>\n<p>&nbsp;<\/p>\n<p>&nbsp;<\/p>\n","protected":false},"excerpt":{"rendered":"<p>El importante encuentro, virtual, se concret\u00f3 desde la Facultad de Medicina de la Universidad Nacional del Nordeste bajo la Coordinaci\u00f3n de la magister Silvia Carcamo.<\/p>\n","protected":false},"author":2,"featured_media":6160,"comment_status":"closed","ping_status":"closed","sticky":false,"template":"","format":"standard","meta":[],"categories":[1],"tags":[],"jetpack_featured_media_url":"http:\/\/med.unne.edu.ar:8080\/notimed\/wp-content\/uploads\/2022\/12\/8591bb45-30f4-45de-b46e-cf9aa3a45bd1.jpg","jetpack-related-posts":[],"_links":{"self":[{"href":"http:\/\/med.unne.edu.ar:8080\/notimed\/index.php\/wp-json\/wp\/v2\/posts\/6159"}],"collection":[{"href":"http:\/\/med.unne.edu.ar:8080\/notimed\/index.php\/wp-json\/wp\/v2\/posts"}],"about":[{"href":"http:\/\/med.unne.edu.ar:8080\/notimed\/index.php\/wp-json\/wp\/v2\/types\/post"}],"author":[{"embeddable":true,"href":"http:\/\/med.unne.edu.ar:8080\/notimed\/index.php\/wp-json\/wp\/v2\/users\/2"}],"replies":[{"embeddable":true,"href":"http:\/\/med.unne.edu.ar:8080\/notimed\/index.php\/wp-json\/wp\/v2\/comments?post=6159"}],"version-history":[{"count":6,"href":"http:\/\/med.unne.edu.ar:8080\/notimed\/index.php\/wp-json\/wp\/v2\/posts\/6159\/revisions"}],"predecessor-version":[{"id":6169,"href":"http:\/\/med.unne.edu.ar:8080\/notimed\/index.php\/wp-json\/wp\/v2\/posts\/6159\/revisions\/6169"}],"wp:featuredmedia":[{"embeddable":true,"href":"http:\/\/med.unne.edu.ar:8080\/notimed\/index.php\/wp-json\/wp\/v2\/media\/6160"}],"wp:attachment":[{"href":"http:\/\/med.unne.edu.ar:8080\/notimed\/index.php\/wp-json\/wp\/v2\/media?parent=6159"}],"wp:term":[{"taxonomy":"category","embeddable":true,"href":"http:\/\/med.unne.edu.ar:8080\/notimed\/index.php\/wp-json\/wp\/v2\/categories?post=6159"},{"taxonomy":"post_tag","embeddable":true,"href":"http:\/\/med.unne.edu.ar:8080\/notimed\/index.php\/wp-json\/wp\/v2\/tags?post=6159"}],"curies":[{"name":"wp","href":"https:\/\/api.w.org\/{rel}","templated":true}]}}